{"id":4002,"date":"2022-06-20T19:41:02","date_gmt":"2022-06-20T16:41:02","guid":{"rendered":"https:\/\/www.eripedaliit.ee\/?p=4002"},"modified":"2022-06-20T19:41:04","modified_gmt":"2022-06-20T16:41:04","slug":"4002","status":"publish","type":"post","link":"https:\/\/www.eripedaliit.ee\/?p=4002","title":{"rendered":""},"content":{"rendered":"\n<figure class=\"wp-block-image size-full is-resized\"><a href=\"https:\/\/www.eripedaliit.ee\/wp-content\/uploads\/2022\/06\/Beige-Green-Scrapbook-Motivation-Quote-Be-Gentle-Facebook-Post-1.png\"><img loading=\"lazy\" decoding=\"async\" src=\"https:\/\/www.eripedaliit.ee\/wp-content\/uploads\/2022\/06\/Beige-Green-Scrapbook-Motivation-Quote-Be-Gentle-Facebook-Post-1.png\" alt=\"\" class=\"wp-image-4003\" width=\"551\" height=\"462\" srcset=\"https:\/\/www.eripedaliit.ee\/wp-content\/uploads\/2022\/06\/Beige-Green-Scrapbook-Motivation-Quote-Be-Gentle-Facebook-Post-1.png 940w, https:\/\/www.eripedaliit.ee\/wp-content\/uploads\/2022\/06\/Beige-Green-Scrapbook-Motivation-Quote-Be-Gentle-Facebook-Post-1-300x251.png 300w, https:\/\/www.eripedaliit.ee\/wp-content\/uploads\/2022\/06\/Beige-Green-Scrapbook-Motivation-Quote-Be-Gentle-Facebook-Post-1-768x644.png 768w\" sizes=\"auto, (max-width: 551px) 100vw, 551px\" \/><\/a><\/figure>\n\n\n\n<p>Hea EEL liige!<\/p>\n\n\n\n<p>Sellel aastal toimuvad meie <strong>suvep\u00e4evad 15.-16. augustil Valklas <\/strong>(<a href=\"https:\/\/valklarand.ee\/\">https:\/\/valklarand.ee\/<\/a>). Nende kahe p\u00e4eva jooksul saame ennast nii erialaselt t\u00e4iendada kui ka l\u00f5busasti aega veeta (saun ja tantsu\u00f5htu).<\/p>\n\n\n\n<p>Oleme suvep\u00e4evadele kutsunud peaasi.ee koolitaja, kes viib l\u00e4bi umbes 3 tunni pikkuse koolituse \u201eVaimse tervise ABC\u201c. Lisainfot leiab lehek\u00fcljelt <a href=\"http:\/\/peaasi.ee\/\">peaasi.ee<\/a>.<\/p>\n\n\n\n<p>P\u00e4evakava on t\u00e4psustamisel.<\/p>\n\n\n\n<p>Registreerimine suvep\u00e4evadele on avatud <strong>20. juulini<\/strong>  <a href=\"https:\/\/forms.gle\/ZgacXxXG9R9JFbn97\">SIIN <\/a><\/p>\n\n\n\n<p>Suvep\u00e4evadele on oodatud ka pereliikmed.<\/p>\n\n\n\n<p><strong>Osalustasu <\/strong>(sisaldab \u00f6\u00f6bimist, toitlustust, koolitust ja vabaaja tegevusi):<\/p>\n\n\n\n<p>EEL liikmele \u2013 50 eurot<\/p>\n\n\n\n<p>Alla 15-aastasele lapsele\/lapselapsele \u2013 40 eurot<\/p>\n\n\n\n<p>EEL liikme abikaasale\/elukaaslasele\/lapsele alates 16 eluaastast \u2013 60 eurot<\/p>\n\n\n\n<p>EEL liikmekandidaadile \u2013 60 eurot<\/p>\n\n\n\n<p>Osav\u00f5tutasu palume kanda EEL arveldusarvele hiljemalt <strong>1. augustiks<\/strong>.<\/p>\n\n\n\n<p>Saaja: Eesti Eripedagoogide Liit<\/p>\n\n\n\n<p>Kontonumber: EE932200001120071293, Swedbank<\/p>\n\n\n\n<p>Selgitus: Suvep\u00e4evad 2022, osaleja nimi<\/p>\n\n\n\n<p>Kui osaleja eest tasub asutus, siis t\u00e4itke vastavad lahtrid registreerumisel ning meie raamatupidaja v\u00e4ljastab asutusele e-arve.<\/p>\n\n\n\n<p><\/p>\n","protected":false},"excerpt":{"rendered":"<p>Hea EEL liige! Sellel aastal toimuvad meie suvep\u00e4evad 15.-16. augustil Valklas (https:\/\/valklarand.ee\/). Nende kahe p\u00e4eva jooksul saame ennast nii erialaselt t\u00e4iendada kui ka l\u00f5busasti aega veeta (saun ja tantsu\u00f5htu). Oleme suvep\u00e4evadele kutsunud peaasi.ee koolitaja, kes viib l\u00e4bi umbes 3 tunni &hellip; <a href=\"https:\/\/www.eripedaliit.ee\/?p=4002\">J\u00e4tka lugemist <span class=\"meta-nav\">&rarr;<\/span><\/a><\/p>\n","protected":false},"author":7,"featured_media":0,"comment_status":"closed","ping_status":"closed","sticky":false,"template":"","format":"standard","meta":{"_monsterinsights_skip_tracking":false,"_monsterinsights_sitenote_active":false,"_monsterinsights_sitenote_note":"","_monsterinsights_sitenote_category":0,"footnotes":""},"categories":[2],"tags":[],"class_list":["post-4002","post","type-post","status-publish","format-standard","hentry","category-uudised"],"_links":{"self":[{"href":"https:\/\/www.eripedaliit.ee\/index.php?rest_route=\/wp\/v2\/posts\/4002","targetHints":{"allow":["GET"]}}],"collection":[{"href":"https:\/\/www.eripedaliit.ee\/index.php?rest_route=\/wp\/v2\/posts"}],"about":[{"href":"https:\/\/www.eripedaliit.ee\/index.php?rest_route=\/wp\/v2\/types\/post"}],"author":[{"embeddable":true,"href":"https:\/\/www.eripedaliit.ee\/index.php?rest_route=\/wp\/v2\/users\/7"}],"replies":[{"embeddable":true,"href":"https:\/\/www.eripedaliit.ee\/index.php?rest_route=%2Fwp%2Fv2%2Fcomments&post=4002"}],"version-history":[{"count":3,"href":"https:\/\/www.eripedaliit.ee\/index.php?rest_route=\/wp\/v2\/posts\/4002\/revisions"}],"predecessor-version":[{"id":4006,"href":"https:\/\/www.eripedaliit.ee\/index.php?rest_route=\/wp\/v2\/posts\/4002\/revisions\/4006"}],"wp:attachment":[{"href":"https:\/\/www.eripedaliit.ee\/index.php?rest_route=%2Fwp%2Fv2%2Fmedia&parent=4002"}],"wp:term":[{"taxonomy":"category","embeddable":true,"href":"https:\/\/www.eripedaliit.ee\/index.php?rest_route=%2Fwp%2Fv2%2Fcategories&post=4002"},{"taxonomy":"post_tag","embeddable":true,"href":"https:\/\/www.eripedaliit.ee\/index.php?rest_route=%2Fwp%2Fv2%2Ftags&post=4002"}],"curies":[{"name":"wp","href":"https:\/\/api.w.org\/{rel}","templated":true}]}}